{"id":398,"date":"2013-08-23T19:31:34","date_gmt":"2013-08-23T19:31:34","guid":{"rendered":"http:\/\/www.lesenundbuch.de\/?p=398"},"modified":"2013-08-23T19:32:50","modified_gmt":"2013-08-23T19:32:50","slug":"der-gruene-fuerst","status":"publish","type":"post","link":"http:\/\/www.lesenundbuch.de\/?p=398","title":{"rendered":"Der gr\u00fcne F\u00fcrst"},"content":{"rendered":"<p>Lesung am 21.7.2013 im Rahmen der Koblenzer Gartenkultur &#8211; Literaturpicknick<br \/>\n&#8222;Der gr\u00fcne F\u00fcrst&#8220;-P\u00fcckler-Lesung vor dem Schloss<\/p>\n<p><a href=\"http:\/\/www.lesenundbuch.de\/lub\/wp-content\/uploads\/P\u00fcckler01.jpg\"><img loading=\"lazy\" decoding=\"async\" src=\"http:\/\/www.lesenundbuch.de\/lub\/wp-content\/uploads\/P\u00fcckler01.jpg\" alt=\"P\u00fcckler01\" width=\"640\" height=\"853\" class=\"alignnone size-full wp-image-399\" srcset=\"http:\/\/www.lesenundbuch.de\/lub\/wp-content\/uploads\/P\u00fcckler01.jpg 640w, http:\/\/www.lesenundbuch.de\/lub\/wp-content\/uploads\/P\u00fcckler01-112x150.jpg 112w, http:\/\/www.lesenundbuch.de\/lub\/wp-content\/uploads\/P\u00fcckler01-225x300.jpg 225w\" sizes=\"auto, (max-width: 640px) 100vw, 640px\" \/><\/a><\/p>\n<p><a href=\"http:\/\/www.lesenundbuch.de\/lub\/wp-content\/uploads\/P\u00fcckler02.jpg\"><img loading=\"lazy\" decoding=\"async\" src=\"http:\/\/www.lesenundbuch.de\/lub\/wp-content\/uploads\/P\u00fcckler02.jpg\" alt=\"P\u00fcckler02\" width=\"640\" height=\"477\" class=\"alignnone size-large wp-image-400\" srcset=\"http:\/\/www.lesenundbuch.de\/lub\/wp-content\/uploads\/P\u00fcckler02.jpg 1024w, http:\/\/www.lesenundbuch.de\/lub\/wp-content\/uploads\/P\u00fcckler02-150x111.jpg 150w, http:\/\/www.lesenundbuch.de\/lub\/wp-content\/uploads\/P\u00fcckler02-300x223.jpg 300w\" sizes=\"auto, (max-width: 640px) 100vw, 640px\" \/><\/a><\/p>\n","protected":false},"excerpt":{"rendered":"<p>Lesung am 21.7.2013 im Rahmen der Koblenzer Gartenkultur &#8211; Literaturpicknick &#8222;Der gr\u00fcne F\u00fcrst&#8220;-P\u00fcckler-Lesung vor dem Schloss<\/p>\n","protected":false},"author":1,"featured_media":0,"comment_status":"closed","ping_status":"closed","sticky":false,"template":"","format":"standard","meta":{"footnotes":""},"categories":[5],"tags":[],"class_list":["post-398","post","type-post","status-publish","format-standard","hentry","category-veranstaltungen"],"_links":{"self":[{"href":"http:\/\/www.lesenundbuch.de\/index.php?rest_route=\/wp\/v2\/posts\/398","targetHints":{"allow":["GET"]}}],"collection":[{"href":"http:\/\/www.lesenundbuch.de\/index.php?rest_route=\/wp\/v2\/posts"}],"about":[{"href":"http:\/\/www.lesenundbuch.de\/index.php?rest_route=\/wp\/v2\/types\/post"}],"author":[{"embeddable":true,"href":"http:\/\/www.lesenundbuch.de\/index.php?rest_route=\/wp\/v2\/users\/1"}],"replies":[{"embeddable":true,"href":"http:\/\/www.lesenundbuch.de\/index.php?rest_route=%2Fwp%2Fv2%2Fcomments&post=398"}],"version-history":[{"count":2,"href":"http:\/\/www.lesenundbuch.de\/index.php?rest_route=\/wp\/v2\/posts\/398\/revisions"}],"predecessor-version":[{"id":402,"href":"http:\/\/www.lesenundbuch.de\/index.php?rest_route=\/wp\/v2\/posts\/398\/revisions\/402"}],"wp:attachment":[{"href":"http:\/\/www.lesenundbuch.de\/index.php?rest_route=%2Fwp%2Fv2%2Fmedia&parent=398"}],"wp:term":[{"taxonomy":"category","embeddable":true,"href":"http:\/\/www.lesenundbuch.de\/index.php?rest_route=%2Fwp%2Fv2%2Fcategories&post=398"},{"taxonomy":"post_tag","embeddable":true,"href":"http:\/\/www.lesenundbuch.de\/index.php?rest_route=%2Fwp%2Fv2%2Ftags&post=398"}],"curies":[{"name":"wp","href":"https:\/\/api.w.org\/{rel}","templated":true}]}}