{"id":434,"date":"2014-01-03T20:05:42","date_gmt":"2014-01-03T20:05:42","guid":{"rendered":"http:\/\/www.lesenundbuch.de\/?p=434"},"modified":"2014-01-03T20:05:42","modified_gmt":"2014-01-03T20:05:42","slug":"sommerfest-auf-schloss-stolzenfels-25-august-2013","status":"publish","type":"post","link":"http:\/\/www.lesenundbuch.de\/?p=434","title":{"rendered":"Sommerfest auf Schloss Stolzenfels, 25. August 2013"},"content":{"rendered":"<p>Unter dem Motto \u201ezauberhaftes Stolzenfels\u201c wurde ein buntes Unterhaltungsprogramm f\u00fcr die ganze Familie geboten. Neben kulinarischen Gen\u00fcssen mit erlesenen Weinen im Pergolagarten gab es eine Gauklertruppe im Schlosshof ein Gitarrenkonzert in der Sommerhalle und f\u00fcr die kleinen Besucher ein buntes M\u00e4rchen- und Mitmachprogramm<br \/>\nAuch f\u00fcr die erwachsenen Besucher gab es einen sehr speziellen Ausflug in die Welt der M\u00e4rchen.<\/p>\n<p>&nbsp;<\/p>\n<div id=\"attachment_409\" style=\"width: 234px\" class=\"wp-caption alignleft\"><a href=\"http:\/\/www.lesenundbuch.de\/lub\/wp-content\/uploads\/Stolzenfels04.jpg\"><img loading=\"lazy\" decoding=\"async\" aria-describedby=\"caption-attachment-409\" class=\"size-medium wp-image-409 \" alt=\"Vorleserin und G\u00e4ste\" src=\"http:\/\/www.lesenundbuch.de\/lub\/wp-content\/uploads\/Stolzenfels04-224x300.jpg\" width=\"224\" height=\"300\" srcset=\"http:\/\/www.lesenundbuch.de\/lub\/wp-content\/uploads\/Stolzenfels04-224x300.jpg 224w, http:\/\/www.lesenundbuch.de\/lub\/wp-content\/uploads\/Stolzenfels04-112x150.jpg 112w, http:\/\/www.lesenundbuch.de\/lub\/wp-content\/uploads\/Stolzenfels04-767x1024.jpg 767w, http:\/\/www.lesenundbuch.de\/lub\/wp-content\/uploads\/Stolzenfels04.jpg 800w\" sizes=\"auto, (max-width: 224px) 100vw, 224px\" \/><\/a><p id=\"caption-attachment-409\" class=\"wp-caption-text\">Vorleserin und G\u00e4ste<\/p><\/div>\n<p><a href=\"http:\/\/www.lesenundbuch.de\/lub\/wp-content\/uploads\/stolzenfels03.jpg\"><img loading=\"lazy\" decoding=\"async\" class=\"alignnone size-medium wp-image-406\" alt=\"stolzenfels03\" src=\"http:\/\/www.lesenundbuch.de\/lub\/wp-content\/uploads\/stolzenfels03-261x300.jpg\" width=\"261\" height=\"300\" srcset=\"http:\/\/www.lesenundbuch.de\/lub\/wp-content\/uploads\/stolzenfels03-261x300.jpg 261w, http:\/\/www.lesenundbuch.de\/lub\/wp-content\/uploads\/stolzenfels03-130x150.jpg 130w, http:\/\/www.lesenundbuch.de\/lub\/wp-content\/uploads\/stolzenfels03-891x1024.jpg 891w\" sizes=\"auto, (max-width: 261px) 100vw, 261px\" \/><\/a><\/p>\n<p>&nbsp;<\/p>\n<p>&nbsp;<\/p>\n<p>TRAUTE VAN ASWEGEN vom F\u00f6rderverein Lesen und Buch las im mittelalterlichen Kost\u00fcm vor \u201eM\u00e4rchen f\u00fcr Erwachsen, pikant nachgew\u00fcrzt\u201c.<\/p>\n","protected":false},"excerpt":{"rendered":"<p>Unter dem Motto \u201ezauberhaftes Stolzenfels\u201c wurde ein buntes Unterhaltungsprogramm f\u00fcr die ganze Familie geboten. Neben kulinarischen Gen\u00fcssen mit erlesenen Weinen im Pergolagarten gab es eine Gauklertruppe im Schlosshof ein Gitarrenkonzert in der Sommerhalle und f\u00fcr die kleinen Besucher ein buntes &hellip; <a href=\"http:\/\/www.lesenundbuch.de\/?p=434\">Weiterlesen <span class=\"meta-nav\">&rarr;<\/span><\/a><\/p>\n","protected":false},"author":3,"featured_media":0,"comment_status":"closed","ping_status":"closed","sticky":false,"template":"","format":"standard","meta":{"footnotes":""},"categories":[5],"tags":[],"class_list":["post-434","post","type-post","status-publish","format-standard","hentry","category-veranstaltungen"],"_links":{"self":[{"href":"http:\/\/www.lesenundbuch.de\/index.php?rest_route=\/wp\/v2\/posts\/434","targetHints":{"allow":["GET"]}}],"collection":[{"href":"http:\/\/www.lesenundbuch.de\/index.php?rest_route=\/wp\/v2\/posts"}],"about":[{"href":"http:\/\/www.lesenundbuch.de\/index.php?rest_route=\/wp\/v2\/types\/post"}],"author":[{"embeddable":true,"href":"http:\/\/www.lesenundbuch.de\/index.php?rest_route=\/wp\/v2\/users\/3"}],"replies":[{"embeddable":true,"href":"http:\/\/www.lesenundbuch.de\/index.php?rest_route=%2Fwp%2Fv2%2Fcomments&post=434"}],"version-history":[{"count":6,"href":"http:\/\/www.lesenundbuch.de\/index.php?rest_route=\/wp\/v2\/posts\/434\/revisions"}],"predecessor-version":[{"id":440,"href":"http:\/\/www.lesenundbuch.de\/index.php?rest_route=\/wp\/v2\/posts\/434\/revisions\/440"}],"wp:attachment":[{"href":"http:\/\/www.lesenundbuch.de\/index.php?rest_route=%2Fwp%2Fv2%2Fmedia&parent=434"}],"wp:term":[{"taxonomy":"category","embeddable":true,"href":"http:\/\/www.lesenundbuch.de\/index.php?rest_route=%2Fwp%2Fv2%2Fcategories&post=434"},{"taxonomy":"post_tag","embeddable":true,"href":"http:\/\/www.lesenundbuch.de\/index.php?rest_route=%2Fwp%2Fv2%2Ftags&post=434"}],"curies":[{"name":"wp","href":"https:\/\/api.w.org\/{rel}","templated":true}]}}