{"id":458,"date":"2014-04-12T14:48:51","date_gmt":"2014-04-12T14:48:51","guid":{"rendered":"http:\/\/www.lesenundbuch.de\/?p=458"},"modified":"2014-04-12T14:48:51","modified_gmt":"2014-04-12T14:48:51","slug":"geschichten-verbinden-generationen","status":"publish","type":"post","link":"http:\/\/www.lesenundbuch.de\/?p=458","title":{"rendered":"Geschichten verbinden Generationen"},"content":{"rendered":"<p><!--[if gte mso 9]&gt;--><\/p>\n<p class=\"MsoNormal\"><span style=\"font-size: 11.0pt;font-family: Arial\">Ein vorbildliches Vorlese-Projekt wurde sehr erfolgreich in Neuwied angeschoben.<br \/>\nJugendliche, meist Sch\u00fclerinnen und Sch\u00fcler der 12. Jahrgangsstufe lesen in ihrer Freizeit in Senioreneinrichtungen vor.<br \/>\nBetreut wird das Projekt von Alina Schultze, die es immer wieder versteht, die jungen Menschen zu motivieren. Dazu geh\u00f6rte auch das am 28. M\u00e4rz 2014 durchgef\u00fchrte Seminar im Mehrgenerationenhaus der Stadt Neuwied.<br \/>\nIm Anschluss an den Unterricht, einige hatten eine Mathearbeit geschrieben und den Kopf voller Zahlen, gab es f\u00fcr die jungen Leute einen liebevoll vorbereiteten Imbiss und sofort im Anschluss einen f\u00fcnfst\u00fcndigen Workshop!<br \/>\nDabei stellten die beiden Referentinnen Ada F\u00fcrstenau und Traute van Aswegen fest, dass besonderer Bedarf besteht bei der Auswahl und erfolgreichen Suche nach geeigneten Texten, sowie der Aussprache und Textgestaltung, ebenso beim Aufbau und der Gestaltung einer Vorleseeinheit.<br \/>\nEine exemplarische Buchausstellung und praktische \u00dcbungen erg\u00e4nzten das kurze Seminar. Allein die Tatsache, dass so motivierte Jugendliche in die Senioren-Einrichtungen gehen, vorlesen, sich mit alten Menschen unterhalten und erstaunt feststellen, dass viele von ihnen lange Gedichte auswendig aufsagen k\u00f6nnen, stimmt positiv und wird zur Nachahmung empfohlen.<\/span><\/p>\n<div id=\"attachment_450\" style=\"width: 322px\" class=\"wp-caption alignnone\"><a href=\"http:\/\/www.lesenundbuch.de\/lub\/wp-content\/uploads\/Neuwied28032014-03k-e1397312686586.jpg\"><img loading=\"lazy\" decoding=\"async\" aria-describedby=\"caption-attachment-450\" class=\" wp-image-450\" alt=\"Teilnehmer des Workshops\" src=\"http:\/\/www.lesenundbuch.de\/lub\/wp-content\/uploads\/Neuwied28032014-03k-300x225.jpg\" width=\"312\" height=\"234\" \/><\/a><p id=\"caption-attachment-450\" class=\"wp-caption-text\">Teilnehmer des Workshops<\/p><\/div>\n<div id=\"attachment_461\" style=\"width: 326px\" class=\"wp-caption alignright\"><a href=\"http:\/\/www.lesenundbuch.de\/lub\/wp-content\/uploads\/Neuwied09042014-01k.jpg\"><img loading=\"lazy\" decoding=\"async\" aria-describedby=\"caption-attachment-461\" class=\" wp-image-461\" alt=\"Referentinnen\" src=\"http:\/\/www.lesenundbuch.de\/lub\/wp-content\/uploads\/Neuwied09042014-01k-300x199.jpg\" width=\"316\" height=\"226\" \/><\/a><p id=\"caption-attachment-461\" class=\"wp-caption-text\">Referentinnen<\/p><\/div>\n","protected":false},"excerpt":{"rendered":"<p>Ein vorbildliches Vorlese-Projekt wurde sehr erfolgreich in Neuwied angeschoben. Jugendliche, meist Sch\u00fclerinnen und Sch\u00fcler der 12. Jahrgangsstufe lesen in ihrer Freizeit in Senioreneinrichtungen vor. Betreut wird das Projekt von Alina Schultze, die es immer wieder versteht, die jungen Menschen zu &hellip; <a href=\"http:\/\/www.lesenundbuch.de\/?p=458\">Weiterlesen <span class=\"meta-nav\">&rarr;<\/span><\/a><\/p>\n","protected":false},"author":3,"featured_media":450,"comment_status":"closed","ping_status":"closed","sticky":false,"template":"","format":"standard","meta":{"footnotes":""},"categories":[5],"tags":[],"class_list":["post-458","post","type-post","status-publish","format-standard","has-post-thumbnail","hentry","category-veranstaltungen"],"_links":{"self":[{"href":"http:\/\/www.lesenundbuch.de\/index.php?rest_route=\/wp\/v2\/posts\/458","targetHints":{"allow":["GET"]}}],"collection":[{"href":"http:\/\/www.lesenundbuch.de\/index.php?rest_route=\/wp\/v2\/posts"}],"about":[{"href":"http:\/\/www.lesenundbuch.de\/index.php?rest_route=\/wp\/v2\/types\/post"}],"author":[{"embeddable":true,"href":"http:\/\/www.lesenundbuch.de\/index.php?rest_route=\/wp\/v2\/users\/3"}],"replies":[{"embeddable":true,"href":"http:\/\/www.lesenundbuch.de\/index.php?rest_route=%2Fwp%2Fv2%2Fcomments&post=458"}],"version-history":[{"count":3,"href":"http:\/\/www.lesenundbuch.de\/index.php?rest_route=\/wp\/v2\/posts\/458\/revisions"}],"predecessor-version":[{"id":463,"href":"http:\/\/www.lesenundbuch.de\/index.php?rest_route=\/wp\/v2\/posts\/458\/revisions\/463"}],"wp:featuredmedia":[{"embeddable":true,"href":"http:\/\/www.lesenundbuch.de\/index.php?rest_route=\/wp\/v2\/media\/450"}],"wp:attachment":[{"href":"http:\/\/www.lesenundbuch.de\/index.php?rest_route=%2Fwp%2Fv2%2Fmedia&parent=458"}],"wp:term":[{"taxonomy":"category","embeddable":true,"href":"http:\/\/www.lesenundbuch.de\/index.php?rest_route=%2Fwp%2Fv2%2Fcategories&post=458"},{"taxonomy":"post_tag","embeddable":true,"href":"http:\/\/www.lesenundbuch.de\/index.php?rest_route=%2Fwp%2Fv2%2Ftags&post=458"}],"curies":[{"name":"wp","href":"https:\/\/api.w.org\/{rel}","templated":true}]}}