{"id":471,"date":"2014-05-14T14:04:36","date_gmt":"2014-05-14T14:04:36","guid":{"rendered":"http:\/\/www.lesenundbuch.de\/?p=471"},"modified":"2014-05-14T14:04:36","modified_gmt":"2014-05-14T14:04:36","slug":"muttertag-mit-dem-kleinen-prinzen","status":"publish","type":"post","link":"http:\/\/www.lesenundbuch.de\/?p=471","title":{"rendered":"Muttertag mit dem kleinen Prinzen!"},"content":{"rendered":"<div id=\"attachment_472\" style=\"width: 810px\" class=\"wp-caption aligncenter\"><a href=\"http:\/\/www.lesenundbuch.de\/?attachment_id=472\" rel=\"attachment wp-att-472\"><img loading=\"lazy\" decoding=\"async\" aria-describedby=\"caption-attachment-472\" class=\"size-full wp-image-472\" src=\"http:\/\/www.lesenundbuch.de\/lub\/wp-content\/uploads\/0514_MRM_klPrinz.jpg\" alt=\"\" width=\"800\" height=\"628\" srcset=\"http:\/\/www.lesenundbuch.de\/lub\/wp-content\/uploads\/0514_MRM_klPrinz.jpg 800w, http:\/\/www.lesenundbuch.de\/lub\/wp-content\/uploads\/0514_MRM_klPrinz-150x117.jpg 150w, http:\/\/www.lesenundbuch.de\/lub\/wp-content\/uploads\/0514_MRM_klPrinz-300x235.jpg 300w\" sizes=\"auto, (max-width: 800px) 100vw, 800px\" \/><\/a><p id=\"caption-attachment-472\" class=\"wp-caption-text\">Das Vorleseteam<br \/>von links: Margarete Ries, Gerold Engelmann, Traute van Aswegen<\/p><\/div>\n<p>Viele Koblenzer fanden es eine gute Idee, den 11. Mai, Muttertag, im Museum zu verbringen. Sehr gut besucht war die Vorlesestunde in der Kabinett- Ausstellung mit Original- Lithografien zu \u201eLe petit Prince\u201c von Saint- Exup\u00e9ry im Mittelrhein- Museum. Das bew\u00e4hrte Vorleseteam Margarete Ries, Traute van Aswegen und Gerold Engelmann von \u201eLESEN &amp; BUCH, dem F\u00f6rderverein der Stadtbibliothek hatten den Originaltext \u201eDer kleine Prinz\u201c so gek\u00fcrzt, dass die Zuh\u00f6rer , ein sehr gemischtes Publikum, vom Vorschulkind bis zum Gro\u00dfvater , konzentriert und gebannt bis zum Schluss zuh\u00f6rten. Einzig st\u00f6rend war das Piepsen der Alarmanlage, die sich sehr oft meldete, wenn jemand den W\u00e4nden oder den Bildern zu nahe kam.<br \/>\nIm Anschluss bastelten einige Kinder ein Schaf aus richtiger, naturbelassener Schafwolle und trugen es stolz nach Haus.<\/p>\n<p>&nbsp;<\/p>\n","protected":false},"excerpt":{"rendered":"<p>Viele Koblenzer fanden es eine gute Idee, den 11. Mai, Muttertag, im Museum zu verbringen. Sehr gut besucht war die Vorlesestunde in der Kabinett- Ausstellung mit Original- Lithografien zu \u201eLe petit Prince\u201c von Saint- Exup\u00e9ry im Mittelrhein- Museum. Das bew\u00e4hrte &hellip; <a href=\"http:\/\/www.lesenundbuch.de\/?p=471\">Weiterlesen <span class=\"meta-nav\">&rarr;<\/span><\/a><\/p>\n","protected":false},"author":3,"featured_media":0,"comment_status":"closed","ping_status":"closed","sticky":false,"template":"","format":"standard","meta":{"footnotes":""},"categories":[5],"tags":[],"class_list":["post-471","post","type-post","status-publish","format-standard","hentry","category-veranstaltungen"],"_links":{"self":[{"href":"http:\/\/www.lesenundbuch.de\/index.php?rest_route=\/wp\/v2\/posts\/471","targetHints":{"allow":["GET"]}}],"collection":[{"href":"http:\/\/www.lesenundbuch.de\/index.php?rest_route=\/wp\/v2\/posts"}],"about":[{"href":"http:\/\/www.lesenundbuch.de\/index.php?rest_route=\/wp\/v2\/types\/post"}],"author":[{"embeddable":true,"href":"http:\/\/www.lesenundbuch.de\/index.php?rest_route=\/wp\/v2\/users\/3"}],"replies":[{"embeddable":true,"href":"http:\/\/www.lesenundbuch.de\/index.php?rest_route=%2Fwp%2Fv2%2Fcomments&post=471"}],"version-history":[{"count":1,"href":"http:\/\/www.lesenundbuch.de\/index.php?rest_route=\/wp\/v2\/posts\/471\/revisions"}],"predecessor-version":[{"id":473,"href":"http:\/\/www.lesenundbuch.de\/index.php?rest_route=\/wp\/v2\/posts\/471\/revisions\/473"}],"wp:attachment":[{"href":"http:\/\/www.lesenundbuch.de\/index.php?rest_route=%2Fwp%2Fv2%2Fmedia&parent=471"}],"wp:term":[{"taxonomy":"category","embeddable":true,"href":"http:\/\/www.lesenundbuch.de\/index.php?rest_route=%2Fwp%2Fv2%2Fcategories&post=471"},{"taxonomy":"post_tag","embeddable":true,"href":"http:\/\/www.lesenundbuch.de\/index.php?rest_route=%2Fwp%2Fv2%2Ftags&post=471"}],"curies":[{"name":"wp","href":"https:\/\/api.w.org\/{rel}","templated":true}]}}