{"id":504,"date":"2015-07-01T17:28:59","date_gmt":"2015-07-01T17:28:59","guid":{"rendered":"http:\/\/www.lesenundbuch.de\/?p=504"},"modified":"2015-07-01T17:35:02","modified_gmt":"2015-07-01T17:35:02","slug":"grosser-vorlesespass-an-koblenzer-schulen-eine-erfolgsgeschichte-2","status":"publish","type":"post","link":"http:\/\/www.lesenundbuch.de\/?p=504","title":{"rendered":"Gro\u00dfer Vorlesespa\u00df an Koblenzer Schulen- eine Erfolgsgeschichte!"},"content":{"rendered":"<p>Was kann es Sch\u00f6neres nach einer Lesung geben als einen Riesenbeifall von mehr als 35 begeisterten Kindern und die Frage: \u201eWo kann man das Buch bekommen?\u201c und \u201eWann kommt ihr wieder mit einer Geschichte?<\/p>\n<p>Die wechselnden Vorleseteams des<br \/>\nF\u00f6rdervereins \u201eLesen und Buch\u201c- Freunde der Stadtbibliothek Koblenz,<br \/>\nhaben bereits viele erfolgreiche Lesungen in Schulen durchgef\u00fchrt.<br \/>\nAber diesmal war es etwas Besonderes. Sowohl Erstkl\u00e4ssler als auch Kinder im dritten Schuljahr waren begeistert von dem Text von Brigitte Werner, \u201eKotzmotz der Zauberer\u201c aus dem \u201eVerlag Freies Geistesleben\u201c, den das Vorleseteam behutsam gek\u00fcrzt hatte.<br \/>\nWenn der Zauberer Kotzmotz tobt und w\u00fctet, halten alle Tiere im Wald den Atem an und verstecken sich und nur ein kleiner, zerzauster Hase l\u00e4sst sich nicht beeindrucken und scheint keinerlei Furcht zu kennen.<br \/>\nEine Geschichte \u00fcber Angst, Wut, Einsamkeit und die Kraft der Freundschaft.<br \/>\nDie schier unersch\u00f6pfliche Fabulierkunst und Lust der Autorin an bildhafter, poetischer Sprache ist ansteckend und \u00fcbertrug sich auf die Kinder.<br \/>\nSie hatten Spa\u00df daran, selbst \u201eWutw\u00f6rter\u201c und \u201eStreichelw\u00f6rter\u201c zu erfinden. Diese Vorlesestunde wird nicht nur im Kunstunterricht, sondern auch in den folgenden Deutschstunden nachwirken.<br \/>\nEin gutes Beispiel daf\u00fcr, dass es auch heute noch gelingen kann, nur durch gutes Vorlesen und die magische Kraft der Sprache, Kinder \u00fcber einen l\u00e4ngeren Zeitraum zu fesseln (in diesem Fall ca. 40 Minuten &#8211; immerhin eine ganze Schulstunde!).<br \/>\nUnd auch unsere drei VorleserInnen gingen mit dem Lieblings-<br \/>\nStreichelwort: \u201cMonarosadella!\u201c begl\u00fcckt nach Hause.<\/p>\n<p><a href=\"http:\/\/www.lesenundbuch.de\/?attachment_id=501\" rel=\"attachment wp-att-501\"><img loading=\"lazy\" decoding=\"async\" class=\"aligncenter size-large wp-image-501\" src=\"http:\/\/www.lesenundbuch.de\/lub\/wp-content\/uploads\/Lesen-in-Horchheim-12-1024x768.jpg\" alt=\"\" width=\"640\" height=\"480\" srcset=\"http:\/\/www.lesenundbuch.de\/lub\/wp-content\/uploads\/Lesen-in-Horchheim-12.jpg 1024w, http:\/\/www.lesenundbuch.de\/lub\/wp-content\/uploads\/Lesen-in-Horchheim-12-150x113.jpg 150w, http:\/\/www.lesenundbuch.de\/lub\/wp-content\/uploads\/Lesen-in-Horchheim-12-300x225.jpg 300w\" sizes=\"auto, (max-width: 640px) 100vw, 640px\" \/><\/a><a href=\"http:\/\/www.lesenundbuch.de\/?attachment_id=500\" rel=\"attachment wp-att-500\"><img loading=\"lazy\" decoding=\"async\" class=\"aligncenter size-large wp-image-500\" src=\"http:\/\/www.lesenundbuch.de\/lub\/wp-content\/uploads\/Lesen-in-Horchheim-7-1024x768.jpg\" alt=\"\" width=\"640\" height=\"480\" srcset=\"http:\/\/www.lesenundbuch.de\/lub\/wp-content\/uploads\/Lesen-in-Horchheim-7.jpg 1024w, http:\/\/www.lesenundbuch.de\/lub\/wp-content\/uploads\/Lesen-in-Horchheim-7-150x113.jpg 150w, http:\/\/www.lesenundbuch.de\/lub\/wp-content\/uploads\/Lesen-in-Horchheim-7-300x225.jpg 300w\" sizes=\"auto, (max-width: 640px) 100vw, 640px\" \/><\/a><a href=\"http:\/\/www.lesenundbuch.de\/?attachment_id=499\" rel=\"attachment wp-att-499\"><img loading=\"lazy\" decoding=\"async\" class=\"aligncenter size-large wp-image-499\" src=\"http:\/\/www.lesenundbuch.de\/lub\/wp-content\/uploads\/DSC_0069-1024x680.jpg\" alt=\"\" width=\"640\" height=\"425\" srcset=\"http:\/\/www.lesenundbuch.de\/lub\/wp-content\/uploads\/DSC_0069-1024x680.jpg 1024w, http:\/\/www.lesenundbuch.de\/lub\/wp-content\/uploads\/DSC_0069-150x100.jpg 150w, http:\/\/www.lesenundbuch.de\/lub\/wp-content\/uploads\/DSC_0069-300x199.jpg 300w\" sizes=\"auto, (max-width: 640px) 100vw, 640px\" \/><\/a>Die Fotos zeigen eine Lesung vor den Kindern der Grundschule in Horchheim<br \/>\nund auf dem Asterstein (sie haben auch die Bilder gemalt)<br \/>\nDie VorleserInnen sind: Mechthild Stumm, Sabine Fromelt, Katrin Stolle, Waltraud Arnold und Gerold Engelmann.<\/p>\n<p><a href=\"http:\/\/www.lesenundbuch.de\/?attachment_id=503\" rel=\"attachment wp-att-503\"><img loading=\"lazy\" decoding=\"async\" class=\" size-medium wp-image-503 alignleft\" src=\"http:\/\/www.lesenundbuch.de\/lub\/wp-content\/uploads\/P1030733A-300x200.jpg\" alt=\"\" width=\"300\" height=\"200\" srcset=\"http:\/\/www.lesenundbuch.de\/lub\/wp-content\/uploads\/P1030733A-300x200.jpg 300w, http:\/\/www.lesenundbuch.de\/lub\/wp-content\/uploads\/P1030733A-150x100.jpg 150w, http:\/\/www.lesenundbuch.de\/lub\/wp-content\/uploads\/P1030733A-1024x683.jpg 1024w, http:\/\/www.lesenundbuch.de\/lub\/wp-content\/uploads\/P1030733A.jpg 1200w\" sizes=\"auto, (max-width: 300px) 100vw, 300px\" \/><\/a><a href=\"http:\/\/www.lesenundbuch.de\/?attachment_id=502\" rel=\"attachment wp-att-502\"><img loading=\"lazy\" decoding=\"async\" class=\"  wp-image-502 alignnone\" src=\"http:\/\/www.lesenundbuch.de\/lub\/wp-content\/uploads\/P1030730-300x200.jpg\" alt=\"\" width=\"314\" height=\"209\" srcset=\"http:\/\/www.lesenundbuch.de\/lub\/wp-content\/uploads\/P1030730-300x200.jpg 300w, http:\/\/www.lesenundbuch.de\/lub\/wp-content\/uploads\/P1030730-150x100.jpg 150w, http:\/\/www.lesenundbuch.de\/lub\/wp-content\/uploads\/P1030730-1024x683.jpg 1024w, http:\/\/www.lesenundbuch.de\/lub\/wp-content\/uploads\/P1030730.jpg 1200w\" sizes=\"auto, (max-width: 314px) 100vw, 314px\" \/><\/a><\/p>\n","protected":false},"excerpt":{"rendered":"<p>Was kann es Sch\u00f6neres nach einer Lesung geben als einen Riesenbeifall von mehr als 35 begeisterten Kindern und die Frage: \u201eWo kann man das Buch bekommen?\u201c und \u201eWann kommt ihr wieder mit einer Geschichte? Die wechselnden Vorleseteams des F\u00f6rdervereins \u201eLesen &hellip; <a href=\"http:\/\/www.lesenundbuch.de\/?p=504\">Weiterlesen <span class=\"meta-nav\">&rarr;<\/span><\/a><\/p>\n","protected":false},"author":3,"featured_media":0,"comment_status":"closed","ping_status":"closed","sticky":false,"template":"","format":"standard","meta":{"footnotes":""},"categories":[5],"tags":[],"class_list":["post-504","post","type-post","status-publish","format-standard","hentry","category-veranstaltungen"],"_links":{"self":[{"href":"http:\/\/www.lesenundbuch.de\/index.php?rest_route=\/wp\/v2\/posts\/504","targetHints":{"allow":["GET"]}}],"collection":[{"href":"http:\/\/www.lesenundbuch.de\/index.php?rest_route=\/wp\/v2\/posts"}],"about":[{"href":"http:\/\/www.lesenundbuch.de\/index.php?rest_route=\/wp\/v2\/types\/post"}],"author":[{"embeddable":true,"href":"http:\/\/www.lesenundbuch.de\/index.php?rest_route=\/wp\/v2\/users\/3"}],"replies":[{"embeddable":true,"href":"http:\/\/www.lesenundbuch.de\/index.php?rest_route=%2Fwp%2Fv2%2Fcomments&post=504"}],"version-history":[{"count":4,"href":"http:\/\/www.lesenundbuch.de\/index.php?rest_route=\/wp\/v2\/posts\/504\/revisions"}],"predecessor-version":[{"id":509,"href":"http:\/\/www.lesenundbuch.de\/index.php?rest_route=\/wp\/v2\/posts\/504\/revisions\/509"}],"wp:attachment":[{"href":"http:\/\/www.lesenundbuch.de\/index.php?rest_route=%2Fwp%2Fv2%2Fmedia&parent=504"}],"wp:term":[{"taxonomy":"category","embeddable":true,"href":"http:\/\/www.lesenundbuch.de\/index.php?rest_route=%2Fwp%2Fv2%2Fcategories&post=504"},{"taxonomy":"post_tag","embeddable":true,"href":"http:\/\/www.lesenundbuch.de\/index.php?rest_route=%2Fwp%2Fv2%2Ftags&post=504"}],"curies":[{"name":"wp","href":"https:\/\/api.w.org\/{rel}","templated":true}]}}