{"id":523,"date":"2015-09-11T19:34:23","date_gmt":"2015-09-11T19:34:23","guid":{"rendered":"http:\/\/www.lesenundbuch.de\/?p=523"},"modified":"2015-09-14T07:49:31","modified_gmt":"2015-09-14T07:49:31","slug":"mit-ausonius-und-clara-viebig-durch-den-koblenzer-marienberg-eine-literarische-wanderung-durch-den-weinberg-der-familie-schwaab","status":"publish","type":"post","link":"http:\/\/www.lesenundbuch.de\/?p=523","title":{"rendered":"Mit Ausonius und Clara Viebig durch den Koblenzer Marienberg.  &#8211; eine literarische Wanderung durch den  Weinberg der Familie Schwaab &#8211;"},"content":{"rendered":"<p>&nbsp;<\/p>\n<ul>\n<li id=\"525\" class=\"ui-sortable-handle ui-sortable-helper\"><a href=\"http:\/\/www.lesenundbuch.de\/?attachment_id=525\" rel=\"attachment wp-att-525\"><img loading=\"lazy\" decoding=\"async\" class=\"aligncenter size-large wp-image-525\" src=\"http:\/\/www.lesenundbuch.de\/lub\/wp-content\/uploads\/P1040926-768x1024.jpg\" alt=\"\" width=\"640\" height=\"853\" srcset=\"http:\/\/www.lesenundbuch.de\/lub\/wp-content\/uploads\/P1040926-768x1024.jpg 768w, http:\/\/www.lesenundbuch.de\/lub\/wp-content\/uploads\/P1040926-113x150.jpg 113w, http:\/\/www.lesenundbuch.de\/lub\/wp-content\/uploads\/P1040926-225x300.jpg 225w\" sizes=\"auto, (max-width: 640px) 100vw, 640px\" \/><\/a><a href=\"http:\/\/www.lesenundbuch.de\/?attachment_id=526\" rel=\"attachment wp-att-526\"><img loading=\"lazy\" decoding=\"async\" class=\"aligncenter size-medium wp-image-526\" src=\"http:\/\/www.lesenundbuch.de\/lub\/wp-content\/uploads\/P1040943-300x225.jpg\" alt=\"\" width=\"300\" height=\"225\" srcset=\"http:\/\/www.lesenundbuch.de\/lub\/wp-content\/uploads\/P1040943-300x225.jpg 300w, http:\/\/www.lesenundbuch.de\/lub\/wp-content\/uploads\/P1040943-150x113.jpg 150w, http:\/\/www.lesenundbuch.de\/lub\/wp-content\/uploads\/P1040943-1024x768.jpg 1024w\" sizes=\"auto, (max-width: 300px) 100vw, 300px\" \/><\/a><a href=\"http:\/\/www.lesenundbuch.de\/?attachment_id=527\" rel=\"attachment wp-att-527\"><img loading=\"lazy\" decoding=\"async\" class=\"aligncenter size-medium wp-image-527\" src=\"http:\/\/www.lesenundbuch.de\/lub\/wp-content\/uploads\/P1040945-300x225.jpg\" alt=\"\" width=\"300\" height=\"225\" srcset=\"http:\/\/www.lesenundbuch.de\/lub\/wp-content\/uploads\/P1040945-300x225.jpg 300w, http:\/\/www.lesenundbuch.de\/lub\/wp-content\/uploads\/P1040945-150x113.jpg 150w, http:\/\/www.lesenundbuch.de\/lub\/wp-content\/uploads\/P1040945-1024x768.jpg 1024w\" sizes=\"auto, (max-width: 300px) 100vw, 300px\" \/><\/a>Auf Anregung von Marie- Theres Schwaab machten die Mitglieder des F\u00f6rdervereins LESEN &amp; BUCH, Freunde der Stadtbibliothek bei sch\u00f6nstem Wetter am Mittwoch dem 2. September einen Ausflug an die Mosel.<br \/>\nW\u00e4hrend der gut zweist\u00fcndigen Wanderung gab es nicht nur k\u00f6stlichen Wein und gute Gespr\u00e4che, sondern an ausgew\u00e4hlten Stationen auch Lyrik und Prosa der unterschiedlichsten Art, passend zur Landschaft.<br \/>\nNat\u00fcrlich durfte dabei ein Auszug aus dem wortgewaltigen Versepos \u201eMosella\u201c von Ausonius nicht fehlen, das er im 4. Jhdt. nach Chr. im Auftrag seines Kaisers in Rom verfasste.<br \/>\nAusonius lebte als hoher Beamter, Professor der Rhetorik und Prinzenerzieher in Trier.<br \/>\nNiemand hat das Leben der Moselaner, die Sorgen und N\u00f6te der Winzer besser beschrieben als Clara Viebig. Die Zuh\u00f6rer lauschten gebannt dem Auszug aus ihrem Roman: \u201eDie goldenen Berge\u201c.<br \/>\nAber auch ein \u201ekleiner Strau\u00df\u201c Lyrik fehlte nicht.<br \/>\nGedichte von Georg Trakl und G\u00fcnter Eich bis Hermann Claudius, gesprochen unter freiem Himmel, erzielten ihre Wirkung.<br \/>\nGut ausgew\u00e4hlte Texte mit Bezug zur Landschaft, gesprochen in der Natur, erreichen eine ganz andere Wirkung, als in einer Bibliothek oder zuhause im Sessel war denn auch das Fazit der Teilnehmer und Teilnehmerinnen.<br \/>\nAbschlie\u00dfend sa\u00df man noch in geselliger Runde im Weinhaus Schwaab beisammen und freute sich \u00fcber die gelungene Veranstaltung, die sicher nicht die letzte dieser Art war!<\/li>\n<li class=\"ui-sortable-handle ui-sortable-helper\"><\/li>\n<li class=\"ui-sortable-handle ui-sortable-helper\">\n<ul>\n<li class=\"ui-sortable-handle ui-sortable-helper\">F\u00fchrung durch den Marienberg:\u00a0\u00a0\u00a0 Marie Theres Schwaab<\/li>\n<li>Texte und Moderation:\u00a0\u00a0\u00a0\u00a0\u00a0\u00a0\u00a0\u00a0\u00a0\u00a0\u00a0\u00a0\u00a0\u00a0\u00a0\u00a0\u00a0\u00a0\u00a0 Traute van Aswegen<\/li>\n<li class=\"ui-sortable-handle ui-sortable-helper\">Vorgelesen haben:\u00a0\u00a0\u00a0\u00a0\u00a0\u00a0\u00a0\u00a0\u00a0\u00a0\u00a0\u00a0\u00a0\u00a0\u00a0\u00a0\u00a0\u00a0\u00a0\u00a0\u00a0\u00a0\u00a0\u00a0\u00a0\u00a0\u00a0\u00a0 Waltraud Arnold,<\/li>\n<li class=\"ui-sortable-handle ui-sortable-helper\">\u00a0\u00a0\u00a0\u00a0\u00a0\u00a0\u00a0\u00a0\u00a0\u00a0\u00a0\u00a0\u00a0\u00a0\u00a0\u00a0\u00a0\u00a0\u00a0\u00a0\u00a0\u00a0\u00a0\u00a0\u00a0\u00a0\u00a0\u00a0\u00a0\u00a0\u00a0\u00a0\u00a0\u00a0\u00a0\u00a0\u00a0\u00a0\u00a0\u00a0\u00a0\u00a0\u00a0\u00a0\u00a0\u00a0\u00a0\u00a0\u00a0\u00a0\u00a0\u00a0\u00a0\u00a0\u00a0\u00a0\u00a0\u00a0\u00a0\u00a0 Sabine Frommelt<\/li>\n<li class=\"ui-sortable-handle ui-sortable-helper\">\u00a0\u00a0\u00a0\u00a0\u00a0\u00a0\u00a0\u00a0\u00a0\u00a0\u00a0\u00a0\u00a0\u00a0\u00a0\u00a0\u00a0\u00a0\u00a0\u00a0\u00a0\u00a0\u00a0\u00a0\u00a0\u00a0\u00a0\u00a0\u00a0\u00a0\u00a0\u00a0\u00a0\u00a0\u00a0\u00a0\u00a0\u00a0\u00a0\u00a0\u00a0\u00a0\u00a0\u00a0\u00a0\u00a0\u00a0\u00a0\u00a0\u00a0\u00a0\u00a0\u00a0\u00a0\u00a0\u00a0\u00a0\u00a0\u00a0\u00a0 Liane Gehlhoff<\/li>\n<li class=\"ui-sortable-handle ui-sortable-helper\">\u00a0\u00a0\u00a0\u00a0\u00a0\u00a0\u00a0\u00a0\u00a0\u00a0\u00a0\u00a0\u00a0\u00a0\u00a0\u00a0\u00a0\u00a0\u00a0\u00a0\u00a0\u00a0\u00a0\u00a0\u00a0\u00a0\u00a0\u00a0\u00a0\u00a0\u00a0\u00a0\u00a0\u00a0\u00a0\u00a0\u00a0\u00a0\u00a0\u00a0\u00a0\u00a0\u00a0\u00a0\u00a0\u00a0\u00a0\u00a0\u00a0\u00a0\u00a0\u00a0\u00a0\u00a0\u00a0\u00a0\u00a0\u00a0\u00a0\u00a0 Rainer Rechner<\/li>\n<li class=\"ui-sortable-handle ui-sortable-helper\">\u00a0\u00a0\u00a0\u00a0\u00a0\u00a0\u00a0\u00a0\u00a0\u00a0\u00a0\u00a0\u00a0\u00a0\u00a0\u00a0\u00a0\u00a0\u00a0\u00a0\u00a0\u00a0\u00a0\u00a0\u00a0\u00a0\u00a0\u00a0\u00a0\u00a0\u00a0\u00a0\u00a0\u00a0\u00a0\u00a0\u00a0\u00a0\u00a0\u00a0\u00a0\u00a0\u00a0\u00a0\u00a0\u00a0\u00a0\u00a0\u00a0\u00a0\u00a0\u00a0\u00a0\u00a0\u00a0\u00a0\u00a0\u00a0\u00a0\u00a0 Mechthild Stumm<\/li>\n<\/ul>\n<\/li>\n<\/ul>\n<p>&nbsp;<\/p>\n","protected":false},"excerpt":{"rendered":"<p>&nbsp; Auf Anregung von Marie- Theres Schwaab machten die Mitglieder des F\u00f6rdervereins LESEN &amp; BUCH, Freunde der Stadtbibliothek bei sch\u00f6nstem Wetter am Mittwoch dem 2. September einen Ausflug an die Mosel. W\u00e4hrend der gut zweist\u00fcndigen Wanderung gab es nicht nur &hellip; <a href=\"http:\/\/www.lesenundbuch.de\/?p=523\">Weiterlesen <span class=\"meta-nav\">&rarr;<\/span><\/a><\/p>\n","protected":false},"author":3,"featured_media":0,"comment_status":"closed","ping_status":"closed","sticky":false,"template":"","format":"standard","meta":{"footnotes":""},"categories":[5],"tags":[],"class_list":["post-523","post","type-post","status-publish","format-standard","hentry","category-veranstaltungen"],"_links":{"self":[{"href":"http:\/\/www.lesenundbuch.de\/index.php?rest_route=\/wp\/v2\/posts\/523","targetHints":{"allow":["GET"]}}],"collection":[{"href":"http:\/\/www.lesenundbuch.de\/index.php?rest_route=\/wp\/v2\/posts"}],"about":[{"href":"http:\/\/www.lesenundbuch.de\/index.php?rest_route=\/wp\/v2\/types\/post"}],"author":[{"embeddable":true,"href":"http:\/\/www.lesenundbuch.de\/index.php?rest_route=\/wp\/v2\/users\/3"}],"replies":[{"embeddable":true,"href":"http:\/\/www.lesenundbuch.de\/index.php?rest_route=%2Fwp%2Fv2%2Fcomments&post=523"}],"version-history":[{"count":4,"href":"http:\/\/www.lesenundbuch.de\/index.php?rest_route=\/wp\/v2\/posts\/523\/revisions"}],"predecessor-version":[{"id":533,"href":"http:\/\/www.lesenundbuch.de\/index.php?rest_route=\/wp\/v2\/posts\/523\/revisions\/533"}],"wp:attachment":[{"href":"http:\/\/www.lesenundbuch.de\/index.php?rest_route=%2Fwp%2Fv2%2Fmedia&parent=523"}],"wp:term":[{"taxonomy":"category","embeddable":true,"href":"http:\/\/www.lesenundbuch.de\/index.php?rest_route=%2Fwp%2Fv2%2Fcategories&post=523"},{"taxonomy":"post_tag","embeddable":true,"href":"http:\/\/www.lesenundbuch.de\/index.php?rest_route=%2Fwp%2Fv2%2Ftags&post=523"}],"curies":[{"name":"wp","href":"https:\/\/api.w.org\/{rel}","templated":true}]}}